{"id":341,"date":"2022-01-24T10:36:10","date_gmt":"2022-01-24T09:36:10","guid":{"rendered":"https:\/\/www.mathieuperona.fr\/?p=341"},"modified":"2022-01-26T17:22:02","modified_gmt":"2022-01-26T16:22:02","slug":"homo-sapiens-dans-la-cite","status":"publish","type":"post","link":"https:\/\/www.mathieuperona.fr\/?p=341","title":{"rendered":"Homo Sapiens dans la cit\u00e9"},"content":{"rendered":"\n<div class=\"wp-block-image\"><figure class=\"alignright size-thumbnail\"><a href=\"https:\/\/www.mathieuperona.fr\/wp-content\/uploads\/2022\/01\/9782415000189.jpg\"><img loading=\"lazy\" decoding=\"async\" width=\"150\" height=\"150\" data-attachment-id=\"346\" data-permalink=\"https:\/\/www.mathieuperona.fr\/?attachment_id=346\" data-orig-file=\"https:\/\/www.mathieuperona.fr\/wp-content\/uploads\/2022\/01\/9782415000189.jpg\" data-orig-size=\"350,531\" data-comments-opened=\"1\" data-image-meta=\"{&quot;aperture&quot;:&quot;0&quot;,&quot;credit&quot;:&quot;&quot;,&quot;camera&quot;:&quot;&quot;,&quot;caption&quot;:&quot;&quot;,&quot;created_timestamp&quot;:&quot;0&quot;,&quot;copyright&quot;:&quot;&quot;,&quot;focal_length&quot;:&quot;0&quot;,&quot;iso&quot;:&quot;0&quot;,&quot;shutter_speed&quot;:&quot;0&quot;,&quot;title&quot;:&quot;&quot;,&quot;orientation&quot;:&quot;0&quot;}\" data-image-title=\"9782415000189\" data-image-description=\"\" data-image-caption=\"\" data-medium-file=\"https:\/\/www.mathieuperona.fr\/wp-content\/uploads\/2022\/01\/9782415000189-198x300.jpg\" data-large-file=\"https:\/\/www.mathieuperona.fr\/wp-content\/uploads\/2022\/01\/9782415000189.jpg\" src=\"https:\/\/www.mathieuperona.fr\/wp-content\/uploads\/2022\/01\/9782415000189-150x150.jpg\" alt=\"\" class=\"wp-image-346\"\/><\/a><\/figure><\/div>\n\n\n\n<p><em>Le 12 janvier 2022 est arriv\u00e9 en librairie l&rsquo;ouvrage que j&rsquo;ai co\u00e9crit avec Coralie Chevallier, <\/em><a rel=\"noreferrer noopener\" href=\"https:\/\/www.odilejacob.fr\/catalogue\/sciences\/neurosciences\/homo-sapiens-dans-la-cite_9782415000189.php\" data-type=\"URL\" data-id=\"https:\/\/www.odilejacob.fr\/catalogue\/sciences\/neurosciences\/homo-sapiens-dans-la-cite_9782415000189.php\" target=\"_blank\">Homo Sapiens dans la cit\u00e9&nbsp;: Comment adapter l&rsquo;action publique \u00e0 la psychologie humaine<\/a><em>, \u00e9dit\u00e9 chez Odile Jacob. Cela fait plus d&rsquo;un an que ce projet \u00e9tait en chantier, et je reviens ici sur son origine et son d\u00e9roulement. Comment me suis-je retrouv\u00e9 \u00e0 \u00e9crire un livre sur les sciences cognitives avec une sp\u00e9cialiste du domaine&nbsp;?<\/em><\/p>\n\n\n\n<h2 class=\"wp-block-heading\" id=\"aux-origines-de-ce-livre\">Aux origines de ce livre<\/h2>\n\n\n\n<p class=\"has-drop-cap\">L&rsquo;histoire de ce livre commence en 2018, dans le bureau de Daniel Cohen. Coralie Chevallier et Nicolas Baumard, tous deux sp\u00e9cialistes de sciences cognitives, sont venus nous voir au Cepremap avec une question&nbsp;: comment font les \u00e9conomistes pour se faire entendre par et travailler avec les administrations publiques&nbsp;? Leur constat est en effet que suite \u00e0 la diffusion de l&rsquo;ouvrage de Thaler et Sunstein <em>Nudge<\/em>, de nombreuses administrations s&rsquo;int\u00e9ressent aux sciences comportementales et aux moyens de les int\u00e9grer dans leurs actions. Faute de lien naturel entre les administrations et la recherche publique, pourtant de tr\u00e8s haut niveau en France dans ce domaine (comme dans bien d&rsquo;autres), les services de l&rsquo;\u00c9tat se tournent trop souvent vers des acteurs priv\u00e9s, vis-\u00e0-vis desquels Coralie et Nicolas sont assez dubitatifs. De cette rencontre na\u00eet l&rsquo;Agence d&rsquo;Innovation Comportementale, dont j&rsquo;ai d\u00e9j\u00e0 parl\u00e9 ici, et au travers elle des \u00e9changes r\u00e9guliers entre Coralie et moi.<\/p>\n\n\n\n<p>Un matin de 2019, Coralie arrive avec une nouvelle proposition&nbsp;: les \u00e9ditions Odile Jacob lui ont propos\u00e9 d&rsquo;\u00e9crire un livre grand public. De fait, le th\u00e8me suscite toujours beaucoup d&rsquo;int\u00e9r\u00eat, et c&rsquo;est souvent en grima\u00e7ant que je vois passer sur mon fil LinkedIn des messages simplistes qui montrent que cet int\u00e9r\u00eat ne s&rsquo;accompagne pas d&rsquo;une vraie compr\u00e9hension des enjeux. Plut\u00f4t qu&rsquo;un ouvrage g\u00e9n\u00e9raliste de plus, le projet initial est de structurer notre propos autour de l&rsquo;application des sciences comportementales \u00e0 l&rsquo;action publique, en partant du cours <em>Psychology and Public Policy<\/em> que Coralie donnait aux \u00e9tudiants de Master de l&rsquo;\u00c9cole normale sup\u00e9rieure et de SciencesPo Paris. <\/p>\n\n\n\n<p>Au fil des discussions, il appara\u00eet que si nous avons confiance dans l&rsquo;id\u00e9e d&rsquo;ensemble, le fait de passer d&rsquo;un public de Master \u00e0 un grand public va imposer une r\u00e9\u00e9criture compl\u00e8te et \u00e0 quatre mains. De d\u00e9cembre 2019 \u00e0 novembre 2020, nous nous retrouvons donc r\u00e9guli\u00e8rement dans mon bureau, toutes notifications d\u00e9sactiv\u00e9es, pour travailler sur le texte. La plupart des chapitres ont \u00e9t\u00e9 \u00e9crits en deux \u00e9tapes, avec un premier jet par Coralie ou moi et une relecture et r\u00e9\u00e9criture partielle par l&rsquo;autre. \u00c0 force de relire et de reprendre le texte, je ne suis d&rsquo;ailleurs plus capable de bien savoir qui a \u00e9crit quoi exactement, et je ne sais pas si les diff\u00e9rences de style restent perceptibles. <\/p>\n\n\n\n<h2 class=\"wp-block-heading\" id=\"qu-avons-nous-voulu-dire\">Qu&rsquo;avons-nous voulu dire&nbsp;?<\/h2>\n\n\n\n<p>Par rapport au mat\u00e9riel que nous avions initialement, le d\u00e9placement essentiel r\u00e9side dans le fait de passer d&rsquo;un public d\u00e9j\u00e0 averti qui avait <em>choisi<\/em> ce cours \u00e0 un grand public certes int\u00e9ress\u00e9, mais qui a le plus souvent simplement entendu parler de ces sujets. Ce public est susceptible d&rsquo;aborder l&rsquo;application des sciences comportementales aux politiques publiques avec de nombreuses r\u00e9serves. Nous avons donc choisi de tresser ensemble la pr\u00e9sentation d&rsquo;outils et concepts des sciences comportementales avec les grands enjeux de politique publique auxquels ils permettent de r\u00e9pondre.<\/p>\n\n\n\n<h3 class=\"wp-block-heading\" id=\"au-dela-du-nudge\">Au-del\u00e0 du <em>nudge<\/em><\/h3>\n\n\n\n<p>S&rsquo;il ne fallait retenir qu&rsquo;une id\u00e9e de l&rsquo;ouvrage, ce serait \u00e0 mon sens que l&rsquo;influence des sciences comportementales sur les politiques publiques doit d\u00e9passer l&rsquo;orni\u00e8re du <em>nudge<\/em> pour s&rsquo;int\u00e9grer tr\u00e8s en amont dans la conception de l&rsquo;action publique. Le <em>nudge<\/em> tel que nous l&rsquo;entendons ici d\u00e9signe tous les dispositifs inspir\u00e9s par les sciences comportementales et qui fournissent une aide au passage \u00e0 l&rsquo;action. Ils arrivent en fin de cha\u00eene, quand les objectifs et les moyens essentiels de l&rsquo;action publique ont \u00e9t\u00e9 d\u00e9cid\u00e9s. Peu co\u00fbteux, ils offrent un suppl\u00e9ment d&rsquo;efficacit\u00e9 en levant (ou cr\u00e9ant) un certain nombre de freins \u00e0 l&rsquo;action. <\/p>\n\n\n\n<p>De tels dispositifs participent \u00e9videmment \u00e0 une bonne conduite de l&rsquo;action publique. La compr\u00e9hension du fonctionnement de la mani\u00e8re dont fonctionne l&rsquo;esprit humain engage cependant une r\u00e9forme de l&rsquo;action publique bien plus profonde que ce suppl\u00e9ment d&rsquo;efficacit\u00e9 \u00e0 la marge. L&rsquo;enjeu, et c&rsquo;est ce que nous avons voulu montrer au travers des exemples de ce livre, est structurel. Pour prendre un raccourci certainement abusif, la conduite de l&rsquo;action publique a \u00e9t\u00e9 tr\u00e8s influenc\u00e9e par la rencontre de deux repr\u00e9sentations du citoyen. D&rsquo;une part celle lib\u00e9rale (au sens plein, c&rsquo;est-\u00e0-dire d&rsquo;une th\u00e9orie juridique fondant le droit dans la libert\u00e9 individuelle) du citoyen \u00e9clair\u00e9 et inform\u00e9. D&rsquo;autre part, l&rsquo;<em>homo economicus<\/em>, parfaitement rationnel et capable d&rsquo;identifier instantan\u00e9ment son int\u00e9r\u00eat face \u00e0 une infinit\u00e9 de march\u00e9s et de transactions pr\u00e9sents et futurs. Ces repr\u00e9sentations sont des mod\u00e8les de l&rsquo;humain&nbsp;: des simplifications qui ont utiles en cela qu&rsquo;elles permettent de concevoir l&rsquo;organisation et l&rsquo;action publique et de les articuler autour de principes fondamentaux. <\/p>\n\n\n\n<p>Les sciences comportementales ont mis en \u00e9vidence deux points essentiels dans ce contexte&nbsp;:<\/p>\n\n\n\n<ol class=\"wp-block-list\"><li>Nous nous \u00e9cartons de mani\u00e8re <em>pr\u00e9visible<\/em> de ce que ce mod\u00e8le pr\u00e9dit. Nous baissons les bras face \u00e0 un formulaire trop long ou trop compliqu\u00e9, m\u00eame si l&rsquo;enjeu est important. Nos pratiques physiques ou alimentaires ne sont pas coh\u00e9rente avec ce que nous d\u00e9clarons vouloir dire ou faire, et nous en souffrons, etc. <\/li><li>Ces \u00e9carts ne sont pas de r\u00e9sultat d&rsquo;un manque de rationalit\u00e9 ou de volont\u00e9. Ils d\u00e9coulent du fait que le cerveau humain, en d\u00e9pit de sa gigantesque puissance de traitement de l&rsquo;information, n&rsquo;est pas un ordinateur et ne dispose pas de ressources infinies. Les capacit\u00e9s de l&rsquo;esprit humain ont \u00e9t\u00e9 s\u00e9lectionn\u00e9es sur le temps long de l&rsquo;\u00e9volution, dans un contexte mat\u00e9riel et social qui n&rsquo;a pas de raison particuli\u00e8re de favoriser syst\u00e9matiquement le calcul rationnel. Un enfant reconna\u00eet ainsi images et visages bien mieux que ne peuvent le faire les meilleures combinaisons de mat\u00e9riel informatique et d&rsquo;algorithmes, mais m\u00eame un adulte entra\u00een\u00e9 aura du mal \u00e0 faire de t\u00eate un calcul d&rsquo;int\u00e9r\u00eats compos\u00e9s pour un pr\u00eat bancaire. Les raccourcis mentaux que nous utilisons \u00e0 chaque instant, et qui parfois nous font prendre effectivement de mauvaises d\u00e9cisions, ne sont pas le signe d&rsquo;un d\u00e9ficit de rationalit\u00e9. Ils d\u00e9coulent de la pression s\u00e9lective en r\u00e9ponse aux contraintes de notre environnement. <\/li><\/ol>\n\n\n\n<p>Ce serait donc un contresens que de vouloir r\u00e9duire \u00e0 coup de <em>nudges<\/em> ces \u00e9carts&nbsp;: pour beaucoup, ils r\u00e9pondent \u00e0 une raison d&rsquo;\u00eatre imp\u00e9rieuse, indispensable \u00e0 notre survie et \u00e0 notre fonctionnement quotidien. D&rsquo;o\u00f9 notre argument central&nbsp;: il ne s&rsquo;agit plus de construire l&rsquo;action publique <em>malgr\u00e9<\/em> ces \u00e9carts au mod\u00e8le du citoyen rationnel, mais <em>avec<\/em> une compr\u00e9hension plus riche de la mani\u00e8re dont fonctionne l&rsquo;esprit humain, en int\u00e9grant d\u00e8s le d\u00e9part une compr\u00e9hension du fonctionnement effectif de notre esp\u00e8ce.<\/p>\n","protected":false},"excerpt":{"rendered":"<p>Le 12 janvier 2022 est arriv\u00e9 en librairie l&rsquo;ouvrage que j&rsquo;ai co\u00e9crit avec Coralie Chevallier, Homo Sapiens dans la cit\u00e9\u00a0: Comment adapter l&rsquo;action publique \u00e0 la psychologie humaine, \u00e9dit\u00e9 chez Odile Jacob. Cela fait plus d&rsquo;un an que ce projet \u00e9tait en chantier, et je reviens ici sur son origine et son d\u00e9roulement. Comment me suis-je retrouv\u00e9 \u00e0 \u00e9crire un livre sur les sciences cognitives avec une sp\u00e9cialiste du domaine\u00a0?<\/p>\n","protected":false},"author":1,"featured_media":0,"comment_status":"open","ping_status":"open","sticky":false,"template":"","format":"standard","meta":{"jetpack_post_was_ever_published":false,"footnotes":"","jetpack_publicize_message":"","jetpack_publicize_feature_enabled":true,"jetpack_social_post_already_shared":true,"jetpack_social_options":{"image_generator_settings":{"template":"highway","default_image_id":0,"font":"","enabled":false},"version":2}},"categories":[36],"tags":[38,37,35],"class_list":["post-341","post","type-post","status-publish","format-standard","hentry","category-publication","tag-livre","tag-nudge","tag-sciences-comportementales"],"jetpack_publicize_connections":[],"jetpack_featured_media_url":"","jetpack_shortlink":"https:\/\/wp.me\/p2mMdm-5v","_links":{"self":[{"href":"https:\/\/www.mathieuperona.fr\/index.php?rest_route=\/wp\/v2\/posts\/341","targetHints":{"allow":["GET"]}}],"collection":[{"href":"https:\/\/www.mathieuperona.fr\/index.php?rest_route=\/wp\/v2\/posts"}],"about":[{"href":"https:\/\/www.mathieuperona.fr\/index.php?rest_route=\/wp\/v2\/types\/post"}],"author":[{"embeddable":true,"href":"https:\/\/www.mathieuperona.fr\/index.php?rest_route=\/wp\/v2\/users\/1"}],"replies":[{"embeddable":true,"href":"https:\/\/www.mathieuperona.fr\/index.php?rest_route=%2Fwp%2Fv2%2Fcomments&post=341"}],"version-history":[{"count":4,"href":"https:\/\/www.mathieuperona.fr\/index.php?rest_route=\/wp\/v2\/posts\/341\/revisions"}],"predecessor-version":[{"id":358,"href":"https:\/\/www.mathieuperona.fr\/index.php?rest_route=\/wp\/v2\/posts\/341\/revisions\/358"}],"wp:attachment":[{"href":"https:\/\/www.mathieuperona.fr\/index.php?rest_route=%2Fwp%2Fv2%2Fmedia&parent=341"}],"wp:term":[{"taxonomy":"category","embeddable":true,"href":"https:\/\/www.mathieuperona.fr\/index.php?rest_route=%2Fwp%2Fv2%2Fcategories&post=341"},{"taxonomy":"post_tag","embeddable":true,"href":"https:\/\/www.mathieuperona.fr\/index.php?rest_route=%2Fwp%2Fv2%2Ftags&post=341"}],"curies":[{"name":"wp","href":"https:\/\/api.w.org\/{rel}","templated":true}]}}