{"id":163,"date":"2013-03-24T20:46:30","date_gmt":"2013-03-24T19:46:30","guid":{"rendered":"http:\/\/www.mathieuperona.fr\/?p=163"},"modified":"2013-03-24T20:49:04","modified_gmt":"2013-03-24T19:49:04","slug":"le-prix-unique-du-livre-a-lheure-du-numerique-republie","status":"publish","type":"post","link":"https:\/\/www.mathieuperona.fr\/?p=163","title":{"rendered":"Le Prix unique du livre \u00e0 l&rsquo;heure du num\u00e9rique republi\u00e9"},"content":{"rendered":"<figure id=\"attachment_166\" aria-describedby=\"caption-attachment-166\" style=\"width: 193px\" class=\"wp-caption alignleft\"><img loading=\"lazy\" decoding=\"async\" data-attachment-id=\"166\" data-permalink=\"https:\/\/www.mathieuperona.fr\/?attachment_id=166\" data-orig-file=\"https:\/\/www.mathieuperona.fr\/wp-content\/uploads\/2013\/03\/9782226246233_1_751.jpg\" data-orig-size=\"450,696\" data-comments-opened=\"1\" data-image-meta=\"{&quot;aperture&quot;:&quot;0&quot;,&quot;credit&quot;:&quot;&quot;,&quot;camera&quot;:&quot;&quot;,&quot;caption&quot;:&quot;&quot;,&quot;created_timestamp&quot;:&quot;0&quot;,&quot;copyright&quot;:&quot;Tite-Live&quot;,&quot;focal_length&quot;:&quot;0&quot;,&quot;iso&quot;:&quot;0&quot;,&quot;shutter_speed&quot;:&quot;0&quot;,&quot;title&quot;:&quot;&quot;}\" data-image-title=\"5 Crises, 11 nouvelles le\u00e7ons d&amp;rsquo;\u00e9conomie contemporaine\" data-image-description=\"\" data-image-caption=\"&lt;p&gt;5 Crises, 11 nouvelles le\u00e7ons d&amp;rsquo;\u00e9conomie contemporaine&lt;\/p&gt;\n\" data-medium-file=\"https:\/\/www.mathieuperona.fr\/wp-content\/uploads\/2013\/03\/9782226246233_1_751-193x300.jpg\" data-large-file=\"https:\/\/www.mathieuperona.fr\/wp-content\/uploads\/2013\/03\/9782226246233_1_751.jpg\" class=\"size-medium wp-image-166\" alt=\"Couverture de l'ovrage\" src=\"https:\/\/www.mathieuperona.fr\/wp-content\/uploads\/2013\/03\/9782226246233_1_751-193x300.jpg\" width=\"193\" height=\"300\" srcset=\"https:\/\/www.mathieuperona.fr\/wp-content\/uploads\/2013\/03\/9782226246233_1_751-193x300.jpg 193w, https:\/\/www.mathieuperona.fr\/wp-content\/uploads\/2013\/03\/9782226246233_1_751.jpg 450w\" sizes=\"auto, (max-width: 193px) 100vw, 193px\" \/><figcaption id=\"caption-attachment-166\" class=\"wp-caption-text\">5 Crises, 11 nouvelles le\u00e7ons d&rsquo;\u00e9conomie contemporaine<\/figcaption><\/figure>\n<p>L&rsquo;opuscule du CEPREMAP intitul\u00e9\u00a0<em><a title=\"Le Prix unique du livre \u00e0 l\u2019heure du num\u00e9rique\" href=\"https:\/\/www.mathieuperona.fr\/?p=113\">Le Prix unique du livre \u00e0 l&rsquo;heure du num\u00e9rique<\/a><\/em>, co-\u00e9crit avec J\u00e9r\u00f4me Pouyet, vient juste d&rsquo;\u00eatre republi\u00e9 en compagnie d&rsquo;une s\u00e9lection d&rsquo;autres opuscules sous le titre\u00a0<a title=\"Fiche de l'ouvrage chez l'Arbre \u00e0 Lettres\" href=\"http:\/\/www.arbrealettres.com\/9782226246233-5-crises-11-nouvelles-questions-d-economie-askenazy-p-cohen-d\/\" target=\"_blank\">5 crises contemporaines : 11 nouvelles questions d&rsquo;\u00e9conomie<\/a><\/p>\n<p>En-dehors du plaisir \u00e9vident de voir un de mes textes ainsi repris, je suis flatt\u00e9 de me retrouver en compagnie de chercheurs que j&rsquo;estime beaucoup et dont j&rsquo;admire le travail. En termes d&rsquo;\u00e9clairage, je trouve tr\u00e8s heureux le rapprochement entre notre travail sur le prix unique du livre, qui \u00e9tudie plut\u00f4t l&rsquo;aval du march\u00e9 des livres, et le travail de Maya Baccache, Marc Bourreau et Fran\u00e7ois Moreau (<a title=\"Note de lecture sur mon blog\" href=\"http:\/\/www.leconomiste-notes.fr\/dotclear2\/index.php\/post\/2011\/04\/29\/Note-de-lecture-%3A-Portrait-des-musiciens-%C3%A0-l-heure-du-num%C3%A9rique\" target=\"_blank\">dont j&rsquo;ai eu l&rsquo;occasion de parler par ailleurs<\/a>), qui s&rsquo;int\u00e9resse plus \u00e0 l&rsquo;amont du march\u00e9 de la musique.<\/p>\n<p>Comme les autres volumes de la collection, et \u00e0 l&rsquo;image des opuscule, il s&rsquo;agit d&rsquo;une lecture s\u00e9rieuse, exigeante mais port\u00e9e par un v\u00e9ritable volont\u00e9 d&rsquo;accessibilit\u00e9. Les recueils de la collection \u00c9conomiques (disponibles en format Poche chez Pluriel) apportent en suppl\u00e9ment les mises en perspective et en\u00a0r\u00e9sonance\u00a0des travaux qui les composent.<\/p>\n<p>Avant que certains ne demandent : je n&rsquo;ai aucune information sur un \u00e9ventuel format \u00e9lectronique. Si vous voulez lire ma partie, elle est accessible <a title=\"Le Prix unique du livre \u00e0 l\u2019heure du num\u00e9rique\" href=\"https:\/\/www.mathieuperona.fr\/?p=113\" target=\"_blank\">ici<\/a> (opuscule original) ou <a title=\"Th\u00e8se : Trois essais sur les politiques publiques des industries culturelles\" href=\"https:\/\/www.mathieuperona.fr\/?p=109\" target=\"_blank\">l\u00e0<\/a> (chapitre 2 de ma th\u00e8se, version augment\u00e9e de l&rsquo;opuscule).<\/p>\n","protected":false},"excerpt":{"rendered":"<p>L&rsquo;opuscule du CEPREMAP intitul\u00e9\u00a0Le Prix unique du livre \u00e0 l&rsquo;heure du num\u00e9rique, co-\u00e9crit avec J\u00e9r\u00f4me Pouyet, vient juste d&rsquo;\u00eatre republi\u00e9 en compagnie d&rsquo;une s\u00e9lection d&rsquo;autres opuscules sous le titre\u00a05 crises contemporaines : 11 nouvelles questions d&rsquo;\u00e9conomie En-dehors du plaisir \u00e9vident de voir un de mes textes ainsi repris, je suis flatt\u00e9 de me retrouver en [&hellip;]<\/p>\n","protected":false},"author":1,"featured_media":0,"comment_status":"open","ping_status":"open","sticky":false,"template":"","format":"standard","meta":{"jetpack_post_was_ever_published":false,"footnotes":"","jetpack_publicize_message":"","jetpack_publicize_feature_enabled":true,"jetpack_social_post_already_shared":true,"jetpack_social_options":{"image_generator_settings":{"template":"highway","default_image_id":0,"font":"","enabled":false},"version":2}},"categories":[11],"tags":[28,21,27],"class_list":["post-163","post","type-post","status-publish","format-standard","hentry","category-economie-de-la-culture","tag-economie-de-la-culture","tag-economie-du-livre","tag-economie-industrielle"],"jetpack_publicize_connections":[],"jetpack_featured_media_url":"","jetpack_shortlink":"https:\/\/wp.me\/p2mMdm-2D","_links":{"self":[{"href":"https:\/\/www.mathieuperona.fr\/index.php?rest_route=\/wp\/v2\/posts\/163","targetHints":{"allow":["GET"]}}],"collection":[{"href":"https:\/\/www.mathieuperona.fr\/index.php?rest_route=\/wp\/v2\/posts"}],"about":[{"href":"https:\/\/www.mathieuperona.fr\/index.php?rest_route=\/wp\/v2\/types\/post"}],"author":[{"embeddable":true,"href":"https:\/\/www.mathieuperona.fr\/index.php?rest_route=\/wp\/v2\/users\/1"}],"replies":[{"embeddable":true,"href":"https:\/\/www.mathieuperona.fr\/index.php?rest_route=%2Fwp%2Fv2%2Fcomments&post=163"}],"version-history":[{"count":3,"href":"https:\/\/www.mathieuperona.fr\/index.php?rest_route=\/wp\/v2\/posts\/163\/revisions"}],"predecessor-version":[{"id":168,"href":"https:\/\/www.mathieuperona.fr\/index.php?rest_route=\/wp\/v2\/posts\/163\/revisions\/168"}],"wp:attachment":[{"href":"https:\/\/www.mathieuperona.fr\/index.php?rest_route=%2Fwp%2Fv2%2Fmedia&parent=163"}],"wp:term":[{"taxonomy":"category","embeddable":true,"href":"https:\/\/www.mathieuperona.fr\/index.php?rest_route=%2Fwp%2Fv2%2Fcategories&post=163"},{"taxonomy":"post_tag","embeddable":true,"href":"https:\/\/www.mathieuperona.fr\/index.php?rest_route=%2Fwp%2Fv2%2Ftags&post=163"}],"curies":[{"name":"wp","href":"https:\/\/api.w.org\/{rel}","templated":true}]}}