{"id":156,"date":"2013-01-21T14:59:14","date_gmt":"2013-01-21T13:59:14","guid":{"rendered":"http:\/\/www.mathieuperona.fr\/?p=156"},"modified":"2013-01-21T14:59:14","modified_gmt":"2013-01-21T13:59:14","slug":"stress-tests-a-la-societe-generale","status":"publish","type":"post","link":"https:\/\/www.mathieuperona.fr\/?p=156","title":{"rendered":"Stress tests \u00e0 la Soci\u00e9t\u00e9 G\u00e9n\u00e9rale"},"content":{"rendered":"<p>&nbsp;<\/p>\n<p>J&rsquo;ai int\u00e9gr\u00e9 en septembre 2011 le D\u00e9partement des risques de la Soci\u00e9t\u00e9 G\u00e9n\u00e9rale, au sein de l&rsquo;\u00e9quipe d\u00e9di\u00e9e \u00e0 la conception des m\u00e9thodes des tests de r\u00e9sistance. J&rsquo;y suis chef de projets.<\/p>\n<p>La fonction de cette \u00e9quipe est de d\u00e9velopper des m\u00e9thodes de stress des portefeuilles et entit\u00e9s du Groupe Soci\u00e9t\u00e9 G\u00e9n\u00e9rale qui r\u00e9pondent tant aux besoins en termes de gestion des risques qu&rsquo;aux exigences r\u00e9glementaires. Au sein de cette \u00e9quipe, mon travail porte plus particuli\u00e8rement sur l&rsquo;articulation d&rsquo;ensemble des m\u00e9thodes ainsi que leur coh\u00e9rence avec les sc\u00e9narios \u00e9conomiques servant de base aux exercices de stress.<\/p>\n<p>L&rsquo;\u00e9quipe occupe une position de carrefour au sein du dispositif de gestion des risques. Nous recueillons les besoins des lignes m\u00e9tier et des gestionnaires de risque sp\u00e9cialis\u00e9s, d\u00e9veloppons des m\u00e9thodes r\u00e9pondant \u00e0 ces besoins et formons les \u00e9quipes d&rsquo;ex\u00e9cution \u00e0 l&rsquo;utilisation de ces m\u00e9thodes. L&rsquo;\u00e9quipe ayant \u00e9galement un r\u00f4le de proposition pour l&rsquo;identification et le traitement des risques \u00e9mergents, nous disposons d&rsquo;une vision transversale de l&rsquo;activit\u00e9 du groupe bancaire et d&rsquo;un r\u00f4le de veille r\u00e9glementaire.<\/p>\n<p>Quel rapport avec mon travail de th\u00e8se ? \u00c0 peu pr\u00e8s aucun sur le contenu. En revanche, les comp\u00e9tences acquises au cours de ma th\u00e8se ont \u00e9t\u00e9 d\u00e9terminantes dans ma s\u00e9lection pour ce poste. Structurellement, il s&rsquo;agit d&rsquo;une \u00e9quipe au profil tr\u00e8s quantitatif, la plupart des collaborateurs ayant une formation d&rsquo;ing\u00e9nieur avec une sp\u00e9cialisation en math\u00e9matiques financi\u00e8res. Ma formation d&rsquo;\u00e9conomiste quantitatif me permet d&rsquo;assurer une meilleure jonction entre les mod\u00e8les statistiques, s&rsquo;appuyant souvent sur des approches et des donn\u00e9es au niveau micro, et les travaux macro\u00e9conomiques du D\u00e9partement d&rsquo;\u00e9conomie. Le travail de th\u00e8se en lui-m\u00eame m&rsquo;apporte un recul et un rapport aux travaux de recherche diff\u00e9rent de celui d&rsquo;ing\u00e9nieurs qui n&rsquo;ont pas \u00e9t\u00e9 sp\u00e9cifiquement form\u00e9s par la recherche. Je retrouve \u00e9galement dans mon travail de r\u00e9daction de documents de r\u00e9f\u00e9rence et de formation les \u00e9l\u00e9ments constitutifs de l&rsquo;\u00e9criture d&rsquo;articles de recherches et de vulgarisation ainsi que ceux de l&rsquo;enseignement sup\u00e9rieur.<\/p>\n<p>Avec ce poste, je suis pass\u00e9 \u00e0 une vision interne du secteur bancaire, de la gestion des risques au contact direct avec les m\u00e9tiers. J&rsquo;ai aussi d\u00e9couvert la structure tr\u00e8s hi\u00e9rarchis\u00e9e qui est la norme dans les grandes entreprises fran\u00e7aise.<\/p>\n<p>Autre nouveaut\u00e9 pour moi, l&rsquo;encadrement. Dans le cadre de mes travaux, j&rsquo;ai fr\u00e9quemment recours \u00e0 des analystes de l&rsquo;\u00e9quipe pour r\u00e9aliser des t\u00e2ches que je n&rsquo;ai pas le temps ou les comp\u00e9tences de r\u00e9aliser moi-m\u00eame. Je coordonne \u00e9galement un certain nombre de projets transversaux ce qui implique la mise en place d&rsquo;une organisation et d&rsquo;un suivi.<\/p>\n","protected":false},"excerpt":{"rendered":"<p>&nbsp; J&rsquo;ai int\u00e9gr\u00e9 en septembre 2011 le D\u00e9partement des risques de la Soci\u00e9t\u00e9 G\u00e9n\u00e9rale, au sein de l&rsquo;\u00e9quipe d\u00e9di\u00e9e \u00e0 la conception des m\u00e9thodes des tests de r\u00e9sistance. J&rsquo;y suis chef de projets. La fonction de cette \u00e9quipe est de d\u00e9velopper des m\u00e9thodes de stress des portefeuilles et entit\u00e9s du Groupe Soci\u00e9t\u00e9 G\u00e9n\u00e9rale qui r\u00e9pondent [&hellip;]<\/p>\n","protected":false},"author":1,"featured_media":0,"comment_status":"open","ping_status":"open","sticky":false,"template":"","format":"standard","meta":{"jetpack_post_was_ever_published":false,"footnotes":"","jetpack_publicize_message":"Stress tests \u00e0 la Soci\u00e9t\u00e9 G\u00e9n\u00e9rale http:\/\/wp.me\/p2mMdm-2w","jetpack_publicize_feature_enabled":true,"jetpack_social_post_already_shared":true,"jetpack_social_options":{"image_generator_settings":{"template":"highway","default_image_id":0,"font":"","enabled":false},"version":2}},"categories":[22],"tags":[30,23],"class_list":["post-156","post","type-post","status-publish","format-standard","hentry","category-banque","tag-banque","tag-cv"],"jetpack_publicize_connections":[],"jetpack_featured_media_url":"","jetpack_shortlink":"https:\/\/wp.me\/p2mMdm-2w","_links":{"self":[{"href":"https:\/\/www.mathieuperona.fr\/index.php?rest_route=\/wp\/v2\/posts\/156","targetHints":{"allow":["GET"]}}],"collection":[{"href":"https:\/\/www.mathieuperona.fr\/index.php?rest_route=\/wp\/v2\/posts"}],"about":[{"href":"https:\/\/www.mathieuperona.fr\/index.php?rest_route=\/wp\/v2\/types\/post"}],"author":[{"embeddable":true,"href":"https:\/\/www.mathieuperona.fr\/index.php?rest_route=\/wp\/v2\/users\/1"}],"replies":[{"embeddable":true,"href":"https:\/\/www.mathieuperona.fr\/index.php?rest_route=%2Fwp%2Fv2%2Fcomments&post=156"}],"version-history":[{"count":2,"href":"https:\/\/www.mathieuperona.fr\/index.php?rest_route=\/wp\/v2\/posts\/156\/revisions"}],"predecessor-version":[{"id":159,"href":"https:\/\/www.mathieuperona.fr\/index.php?rest_route=\/wp\/v2\/posts\/156\/revisions\/159"}],"wp:attachment":[{"href":"https:\/\/www.mathieuperona.fr\/index.php?rest_route=%2Fwp%2Fv2%2Fmedia&parent=156"}],"wp:term":[{"taxonomy":"category","embeddable":true,"href":"https:\/\/www.mathieuperona.fr\/index.php?rest_route=%2Fwp%2Fv2%2Fcategories&post=156"},{"taxonomy":"post_tag","embeddable":true,"href":"https:\/\/www.mathieuperona.fr\/index.php?rest_route=%2Fwp%2Fv2%2Ftags&post=156"}],"curies":[{"name":"wp","href":"https:\/\/api.w.org\/{rel}","templated":true}]}}